{"id":344,"date":"2010-06-29T15:11:15","date_gmt":"2010-06-29T18:11:15","guid":{"rendered":"http:\/\/www2.faac.unesp.br\/blog\/obsmidia\/?p=344"},"modified":"2010-06-29T18:04:51","modified_gmt":"2010-06-29T21:04:51","slug":"entre-a-copa-e-as-eleicoes-o-silencio-da-apuracao","status":"publish","type":"post","link":"https:\/\/www2.faac.unesp.br\/blog\/obsmidia\/2010\/06\/29\/entre-a-copa-e-as-eleicoes-o-silencio-da-apuracao\/","title":{"rendered":"Entre a Copa e as elei\u00e7\u00f5es, o sil\u00eancio da apura\u00e7\u00e3o"},"content":{"rendered":"<p><strong><span style=\"color: #000000\">Cec\u00edlia de Paiva<\/span><\/strong><\/p>\n<address><span style=\"color: #000000\"><br \/>\n<\/span><\/address>\n<p><span style=\"color: #000000\">No dia 11 de maio de 2010, a m\u00eddia, em todos os seus segmentos, noticiou a chacina de seis moradores de rua na regi\u00e3o do Ja\u00e7an\u00e3, em S\u00e3o Paulo. O acontecimento foi explorado at\u00e9 o dia seguinte nos jornais de todo o Brasil, entre m\u00eddia eletr\u00f4nica, impressa e digital. Depois disso, o sil\u00eancio da apura\u00e7\u00e3o.<\/span><\/p>\n<p><span style=\"color: #000000\">Diante do segundo semestre de 2010, entre duas das grandes pautas midi\u00e1ticas \u2013 a Copa do Mundo e as elei\u00e7\u00f5es presidenciais, n\u00e3o poder\u00edamos deixar de refletir acerca da aus\u00eancia de muitas outras pautas no cotidiano dos meios de comunica\u00e7\u00e3o, principalmente no que se refere \u00e0 apura\u00e7\u00e3o de crimes, como a chacina de Ja\u00e7an\u00e3, que ocorreu na v\u00e9spera da convoca\u00e7\u00e3o da Sele\u00e7\u00e3o brasileira na Copa.<\/span><\/p>\n<p><span style=\"color: #000000\">Come\u00e7ou a\u00ed toda a aten\u00e7\u00e3o para a Copa, entre coletivas, programas de r\u00e1dio e televis\u00e3o, enquetes, debates e diversas manifesta\u00e7\u00f5es nas comunidades da Internet. A lista era composta por jogadores conhecidos da m\u00eddia, e cada caracter\u00edstica deles motivou novas pautas Brasil afora, apresentando suas hist\u00f3rias de vida, familiares, lugares e comunidades onde haviam jogado e vivido.<\/span><\/p>\n<p><span style=\"color: #000000\">Naquele dia, em rela\u00e7\u00e3o \u00e0 chacina, os diversos tipos de m\u00eddia utilizaram a linha do anonimato para os envolvidos, destacando os termos \u201cos moradores de rua\u201d, \u201cos homens assassinados\u201d, \u201cas pessoas assassinadas\u201d. Os assassinos foram caracterizados apenas como \u201chomens armados\u201d ou \u201ccinco homens em tr\u00eas motos\u201d, como em <a href=\"http:\/\/www1.folha.uol.com.br\/folha\/cotidiano\/ult95u733180.shtml\" target=\"_blank\">mat\u00e9ria<\/a> da Folha de S. Paulo. Durante a semana, poucos acr\u00e9scimos se fizeram: a morte da quinta e da sexta v\u00edtimas ocorreu depois, sendo uma delas no hospital. Noticiado como mais um entre tantos acontecimentos da madrugada, nada se sabe do prosseguimento das investiga\u00e7\u00f5es do Departamento de Homic\u00eddios e Prote\u00e7\u00e3o \u00e0 Pessoa, DHPP, sob encargo do delegado Lu\u00eds Fernando Lopes Teixeira, como divulgado na \u00e9poca. Foi suficiente dizer que havia suspeita de envolvimento das v\u00edtimas com drogas e bastou.<\/span><\/p>\n<p><span style=\"color: #000000\">A ocorr\u00eancia desse tipo de crime deve suscitar investiga\u00e7\u00f5es em todas as dimens\u00f5es do assunto, incluindo o envolvimento das conjunturas sociais at\u00e9 que se esgote o tema. Seja por vingan\u00e7a ou n\u00e3o, representou um caso em meio a v\u00e1rios que envolvem as pessoas que supostamente vivem nas ruas. Na condi\u00e7\u00e3o indefesa em que se encontram, tais pessoas s\u00e3o, literalmente, alvo f\u00e1cil para serem assassinadas e at\u00e9 queimadas, como o foi o patax\u00f3 Galdino em Bras\u00edlia.<\/span><\/p>\n<p><span style=\"color: #000000\">Entre duas pautas de tanta aten\u00e7\u00e3o como a Copa e as elei\u00e7\u00f5es, \u00e9 poss\u00edvel perceber um jornalismo acanhado na defesa do direito \u00e0 informa\u00e7\u00e3o. Omiss\u00f5es jornal\u00edsticas provocam a morte prematura de pautas, imprensadas entre a agita\u00e7\u00e3o midi\u00e1tica e o sil\u00eancio de assuntos que demandam averigua\u00e7\u00f5es.<\/span><\/p>\n","protected":false},"excerpt":{"rendered":"<p>Cec\u00edlia de Paiva No dia 11 de maio de 2010, a m\u00eddia, em todos os seus segmentos, noticiou a chacina de seis moradores de rua na regi\u00e3o do Ja\u00e7an\u00e3, em S\u00e3o Paulo. O acontecimento foi explorado at\u00e9 o dia seguinte nos jornais de todo o Brasil, entre m\u00eddia eletr\u00f4nica, impressa e digital. Depois disso, o [&hellip;]<\/p>\n","protected":false},"author":11,"featured_media":0,"comment_status":"open","ping_status":"open","sticky":false,"template":"","format":"standard","meta":[],"categories":[21],"tags":[30,40],"_links":{"self":[{"href":"https:\/\/www2.faac.unesp.br\/blog\/obsmidia\/wp-json\/wp\/v2\/posts\/344"}],"collection":[{"href":"https:\/\/www2.faac.unesp.br\/blog\/obsmidia\/wp-json\/wp\/v2\/posts"}],"about":[{"href":"https:\/\/www2.faac.unesp.br\/blog\/obsmidia\/wp-json\/wp\/v2\/types\/post"}],"author":[{"embeddable":true,"href":"https:\/\/www2.faac.unesp.br\/blog\/obsmidia\/wp-json\/wp\/v2\/users\/11"}],"replies":[{"embeddable":true,"href":"https:\/\/www2.faac.unesp.br\/blog\/obsmidia\/wp-json\/wp\/v2\/comments?post=344"}],"version-history":[{"count":6,"href":"https:\/\/www2.faac.unesp.br\/blog\/obsmidia\/wp-json\/wp\/v2\/posts\/344\/revisions"}],"predecessor-version":[{"id":425,"href":"https:\/\/www2.faac.unesp.br\/blog\/obsmidia\/wp-json\/wp\/v2\/posts\/344\/revisions\/425"}],"wp:attachment":[{"href":"https:\/\/www2.faac.unesp.br\/blog\/obsmidia\/wp-json\/wp\/v2\/media?parent=344"}],"wp:term":[{"taxonomy":"category","embeddable":true,"href":"https:\/\/www2.faac.unesp.br\/blog\/obsmidia\/wp-json\/wp\/v2\/categories?post=344"},{"taxonomy":"post_tag","embeddable":true,"href":"https:\/\/www2.faac.unesp.br\/blog\/obsmidia\/wp-json\/wp\/v2\/tags?post=344"}],"curies":[{"name":"wp","href":"https:\/\/api.w.org\/{rel}","templated":true}]}}